[{"@context":"https:\/\/schema.org\/","@type":"Article","@id":"https:\/\/www.kkhulin.cz\/delejte-jen-to-co-vas-bavi-a-tesi\/#Article","mainEntityOfPage":"https:\/\/www.kkhulin.cz\/delejte-jen-to-co-vas-bavi-a-tesi\/","headline":"D\u011blejte jen to, co v\u00e1s bav\u00ed a t\u011b\u0161\u00ed","name":"D\u011blejte jen to, co v\u00e1s bav\u00ed a t\u011b\u0161\u00ed","description":"Vyd\u00e1v\u00e1te se rok co rok na svou dovolenou a\u017e n\u011bkam na druh\u00fd konec sv\u011bta? U\u017e v\u00e1s to vlastn\u011b ani moc nebav\u00ed? Tak prob\u016fh lidi, \u0159ekn\u011bte, pro\u010d to vlastn\u011b d\u011bl\u00e1te a trochu se nad sv\u00fdm po\u010d\u00edn\u00e1n\u00edm zamyslete. Mo\u017en\u00e1 jste to nev\u011bd\u011bli, <a class=\"more-link\" href=\"https:\/\/www.kkhulin.cz\/delejte-jen-to-co-vas-bavi-a-tesi\/\">P\u0159e\u010d\u00edst<\/a>","datePublished":"2024-11-22","dateModified":"2024-11-22","author":{"@type":"Person","@id":"https:\/\/www.kkhulin.cz\/author\/#Person","name":"","url":"https:\/\/www.kkhulin.cz\/author\/","identifier":1,"image":{"@type":"ImageObject","@id":"https:\/\/secure.gravatar.com\/avatar\/96681f32407e92907e886055c80be666fea9980585e3d74d58609948dcc5acbb?s=96&d=mm&r=g","url":"https:\/\/secure.gravatar.com\/avatar\/96681f32407e92907e886055c80be666fea9980585e3d74d58609948dcc5acbb?s=96&d=mm&r=g","height":96,"width":96}},"publisher":{"@type":"Organization","name":"kkhulin.cz","logo":{"@type":"ImageObject","@id":"\/logo.png","url":"\/logo.png","width":600,"height":60}},"url":"https:\/\/www.kkhulin.cz\/delejte-jen-to-co-vas-bavi-a-tesi\/","wordCount":179,"articleBody":"Vyd\u00e1v\u00e1te se rok co rok na svou dovolenou a\u017e n\u011bkam na druh\u00fd konec sv\u011bta? U\u017e v\u00e1s to vlastn\u011b ani moc nebav\u00ed? Tak prob\u016fh lidi, \u0159ekn\u011bte, pro\u010d to vlastn\u011b d\u011bl\u00e1te a trochu se nad sv\u00fdm po\u010d\u00edn\u00e1n\u00edm zamyslete. Mo\u017en\u00e1 jste to nev\u011bd\u011bli, ale nyn\u00ed, kdy\u017e \u010dtete tento \u010dl\u00e1nek, tak ji\u017e brzdy budete v\u011bd\u011bt, \u017ee existuje spole\u010dnost, d\u00edky kter\u00e9 si m\u016f\u017eete dop\u0159\u00e1t b\u00e1je\u010dnou dovolenou, ani\u017e byste museli opustit hranice \u010cesk\u00e9 republiky.P\u0159\u00edjemn\u00e1 zm\u011bnaJe sice pravda, \u017ee dovolenou v tom p\u0159\u00edpad\u011b nebudete moci str\u00e1vit u mo\u0159e, ale uprost\u0159ed nefal\u0161ovan\u00e9 \u010desk\u00e9 vo\u0148av\u00e9 p\u0159\u00edrody, kter\u00e1 se na v\u00e1s ji\u017e velmi t\u011b\u0161\u00ed. Na druh\u00e9 stran\u011b v\u0161ak pozn\u00e1te tu p\u0159\u00edjemnou zm\u011bnu, kdy hotel vym\u011bn\u00edte za na\u0161e chaty a chalupy k pronajmut\u00ed. Uvid\u00edte sami tu pohodu a ten komfort, d\u00edky kter\u00fdm se ur\u010dit\u011b rozhodnete dovolenkovat s n\u00e1mi ka\u017edoro\u010dn\u011b.                                                                                                                                                                                                                                                                                                                                                                                                "},{"@context":"https:\/\/schema.org\/","@type":"BreadcrumbList","itemListElement":[{"@type":"ListItem","position":1,"name":"D\u011blejte jen to, co v\u00e1s bav\u00ed a t\u011b\u0161\u00ed","item":"https:\/\/www.kkhulin.cz\/delejte-jen-to-co-vas-bavi-a-tesi\/#breadcrumbitem"}]}]