[{"@context":"https:\/\/schema.org\/","@type":"Article","@id":"https:\/\/www.kkhulin.cz\/fotokoutek-nesmi-chybet\/#Article","mainEntityOfPage":"https:\/\/www.kkhulin.cz\/fotokoutek-nesmi-chybet\/","headline":"Fotokoutek nesm\u00ed chyb\u011bt","name":"Fotokoutek nesm\u00ed chyb\u011bt","description":"M\u00e1te p\u0159ed sebou n\u011bjakou v\u00fdznamnou akci a r\u00e1di byste si z n\u00ed odnesli jedine\u010dnou pam\u00e1tku. Sejdete se zn\u00e1m\u00ed, co jste se dlouho nevid\u011bli a chcete si po\u0159\u00e1dn\u011b zablbnout a n\u011bco z toho m\u00edt? Nab\u00edz\u00edme v\u00e1m fotokoutek, kter\u00fd se d\u00e1 pronajmout <a class=\"more-link\" href=\"https:\/\/www.kkhulin.cz\/fotokoutek-nesmi-chybet\/\">P\u0159e\u010d\u00edst<\/a>","datePublished":"2019-12-01","dateModified":"2023-04-27","author":{"@type":"Person","@id":"https:\/\/www.kkhulin.cz\/author\/#Person","name":"","url":"https:\/\/www.kkhulin.cz\/author\/","identifier":1,"image":{"@type":"ImageObject","@id":"https:\/\/secure.gravatar.com\/avatar\/96681f32407e92907e886055c80be666fea9980585e3d74d58609948dcc5acbb?s=96&d=mm&r=g","url":"https:\/\/secure.gravatar.com\/avatar\/96681f32407e92907e886055c80be666fea9980585e3d74d58609948dcc5acbb?s=96&d=mm&r=g","height":96,"width":96}},"publisher":{"@type":"Organization","name":"kkhulin.cz","logo":{"@type":"ImageObject","@id":"\/logo.png","url":"\/logo.png","width":600,"height":60}},"image":{"@type":"ImageObject","@id":"https:\/\/www.kkhulin.cz\/wp-content\/uploads\/img_a368695_w3827_t1580982093.jpg","url":"https:\/\/www.kkhulin.cz\/wp-content\/uploads\/img_a368695_w3827_t1580982093.jpg","height":0,"width":0},"url":"https:\/\/www.kkhulin.cz\/fotokoutek-nesmi-chybet\/","about":["Produkty"],"wordCount":397,"articleBody":"M\u00e1te p\u0159ed sebou n\u011bjakou v\u00fdznamnou akci a r\u00e1di byste si z n\u00ed odnesli jedine\u010dnou pam\u00e1tku. Sejdete se zn\u00e1m\u00ed, co jste se dlouho nevid\u011bli a chcete si po\u0159\u00e1dn\u011b zablbnout a n\u011bco z toho m\u00edt? Nab\u00edz\u00edme v\u00e1m fotokoutek, kter\u00fd se d\u00e1 pronajmout na jakoukoliv akci. A\u0165 u\u017e se bude jednat o firemn\u00ed ve\u010d\u00edrek, oslavu narozenin, maturitn\u00ed ples, v\u00fdro\u010d\u00ed slaven\u00e9 ve velk\u00e9m, svatbu nebo rozlu\u010dku se svobodou. Na ka\u017edou z t\u011bchto akc\u00ed se fotokoutek hod\u00ed a v\u0161ichni si z akce odnesou kouzelnou vzpom\u00ednku. Fotografii se sv\u00fdmi nejbli\u017e\u0161\u00edmi a to v\u0161e dopln\u011bn\u00ed jedine\u010dn\u00fdmi rekvizity, M\u016f\u017eete si na fotku vz\u00edt klobouk, legra\u010dn\u00ed br\u00fdle, vtipn\u00e9 n\u00e1pisy, \u0161\u00e1ly z pe\u0159\u00ed, \u010delenky s u\u0161ima, korunku pro princezny nebo zbra\u0148 a spousta dal\u0161\u00edch. Fotokoutek je mobiln\u00ed ateli\u00e9r, kter\u00fd v\u00e1m bude obsluhovat profesion\u00e1l. Zajist\u00ed vyfocen\u00ed, tisk fotografie a pro toho kdo bude cht\u00edt, si m\u016f\u017ee nechat poslat foto i na sv\u016fj e-mail. Kdy\u017e se v\u00e1m fotka nepovede, obsluha ji r\u00e1d zopakuje. Daj\u00ed se fotky dotisknout i pozd\u011bji, kdyby se na n\u011bkoho zapomn\u011blo nebo by cht\u011bl fotku i n\u011bkdo jin\u00fd. Fotokoutek v\u00e1m doprav\u00ed na p\u0159\u00edslu\u0161nou akci. Jestli bude akce prob\u00edhat v okol\u00ed Pardubic, budete m\u00edt dopravu zcela zdarma. Um\u00edst\u011bn\u00ed je na v\u00e1s, kde si ho zvol\u00edte, jen tam mus\u00ed b\u00fdt dostate\u010dn\u00fd prostor na pl\u00e1tno, kter\u00e9 tvo\u0159\u00ed pozad\u00ed pro dobr\u00fd vzhled fotek. Pak u\u017e jen aby se p\u0159ed pl\u00e1tno vlezlo dostatek lid\u00ed. M\u016f\u017eete za\u010d\u00edt s focen\u00edm. Po zhotoven\u00ed fotografie si m\u016f\u017eete zvolit pozad\u00ed dle vlastn\u00ed fantazie. Je jich velk\u00e9 mno\u017estv\u00ed na v\u00fdb\u011br. M\u016f\u017eete st\u00e1t na pl\u00e1\u017ei, m\u00edt za sebou cihlovou ze\u010f, prob\u00edhaj\u00edc\u00ed oh\u0148ostroj a spousta dal\u0161\u00edch. Volba je jen na v\u00e1s, co na fotokoutku zvol\u00edte za rekvizitu a vyberete vhodn\u00e9 pozad\u00ed. Fotografie mohou m\u00edt podtext akce. Jedn\u00e1 se o n\u00e1pis spole\u010densk\u00e9 akce s rokem, jako jsou V\u00e1no\u010dn\u00ed ve\u010d\u00edrek 2019 a podobn\u011b. U\u017eijete si skv\u011blou akci a je\u0161t\u011b si z n\u00ed odnesete pam\u00e1tku. Nev\u00e1hejte, ur\u010dit\u011b nebudete litovat.                                                                                                                                                                                                                                                                                                                                                                                        4.3\/5 - (3 votes)        "},{"@context":"https:\/\/schema.org\/","@type":"BreadcrumbList","itemListElement":[{"@type":"ListItem","position":1,"name":"Fotokoutek nesm\u00ed chyb\u011bt","item":"https:\/\/www.kkhulin.cz\/fotokoutek-nesmi-chybet\/#breadcrumbitem"}]}]