[{"@context":"https:\/\/schema.org\/","@type":"Article","@id":"https:\/\/www.kkhulin.cz\/na-zmenu-kuchyne-je-vzdy-spravny-cas\/#Article","mainEntityOfPage":"https:\/\/www.kkhulin.cz\/na-zmenu-kuchyne-je-vzdy-spravny-cas\/","headline":"Na zm\u011bnu kuchyn\u011b je v\u017edy spr\u00e1vn\u00fd \u010das","name":"Na zm\u011bnu kuchyn\u011b je v\u017edy spr\u00e1vn\u00fd \u010das","description":"Potrp\u00edte si na to, abyste spole\u010dn\u011b se v\u0161emi \u010dleny rodiny tr\u00e1vili co nejv\u011bt\u0161\u00ed mno\u017estv\u00ed sv\u00e9ho \u010dasu, a tud\u00ed\u017e pro v\u00e1s p\u0159edstavuj\u00ed v\u00edkendov\u00e9 ob\u011bdy \u010di ve\u010de\u0159e v\u00fdznamnou \u010d\u00e1st dne, ji\u017e hodl\u00e1te str\u00e1vit skute\u010dn\u011b v klidu, v radosti a z\u00e1rove\u0148 si pochutnat <a class=\"more-link\" href=\"https:\/\/www.kkhulin.cz\/na-zmenu-kuchyne-je-vzdy-spravny-cas\/\">P\u0159e\u010d\u00edst<\/a>","datePublished":"2020-10-26","dateModified":"2023-04-27","author":{"@type":"Person","@id":"https:\/\/www.kkhulin.cz\/author\/#Person","name":"","url":"https:\/\/www.kkhulin.cz\/author\/","identifier":1,"image":{"@type":"ImageObject","@id":"https:\/\/secure.gravatar.com\/avatar\/96681f32407e92907e886055c80be666fea9980585e3d74d58609948dcc5acbb?s=96&d=mm&r=g","url":"https:\/\/secure.gravatar.com\/avatar\/96681f32407e92907e886055c80be666fea9980585e3d74d58609948dcc5acbb?s=96&d=mm&r=g","height":96,"width":96}},"publisher":{"@type":"Organization","name":"kkhulin.cz","logo":{"@type":"ImageObject","@id":"\/logo.png","url":"\/logo.png","width":600,"height":60}},"image":{"@type":"ImageObject","@id":"https:\/\/www.kkhulin.cz\/wp-content\/uploads\/img_a282114_w1785_t1601971099.jpg","url":"https:\/\/www.kkhulin.cz\/wp-content\/uploads\/img_a282114_w1785_t1601971099.jpg","height":0,"width":0},"url":"https:\/\/www.kkhulin.cz\/na-zmenu-kuchyne-je-vzdy-spravny-cas\/","wordCount":430,"articleBody":"  Potrp\u00edte si na to, abyste spole\u010dn\u011b se v\u0161emi \u010dleny rodiny tr\u00e1vili co nejv\u011bt\u0161\u00ed mno\u017estv\u00ed sv\u00e9ho \u010dasu, a tud\u00ed\u017e pro v\u00e1s p\u0159edstavuj\u00ed v\u00edkendov\u00e9 ob\u011bdy \u010di ve\u010de\u0159e v\u00fdznamnou \u010d\u00e1st dne, ji\u017e hodl\u00e1te str\u00e1vit skute\u010dn\u011b v klidu, v radosti a z\u00e1rove\u0148 si pochutnat na v\u00fdborn\u00e9m a v\u00e1mi p\u0159ipraven\u00e9m j\u00eddle? V tom p\u0159\u00edpad\u011b v\u00e1m ur\u010dit\u011b budeme mluvit z du\u0161e, kdy\u017e zast\u00e1v\u00e1me n\u00e1zor, \u017ee velkou funkci ve va\u0159en\u00ed hraje pr\u00e1v\u011b m\u00edsto a vybaven\u00ed, kter\u00e9 v\u00e1m k t\u00e9to \u010dinnosti v dom\u00e1cnosti slou\u017e\u00ed.  Nejen \u017ee se vyplat\u00ed m\u00edt kvalitn\u00ed n\u00e1dob\u00ed a drobn\u00e9 dopl\u0148ky v\u010detn\u011b r\u016fzn\u00fdch vychyt\u00e1vek, s nimi\u017e doc\u00edl\u00edte t\u0159eba po\u017eadovan\u00e9ho neodolateln\u00e9ho vzhledu dezertu, ale mnoho d\u011bl\u00e1 i samotn\u00fd n\u00e1bytek a jeho uspo\u0159\u00e1d\u00e1n\u00ed. Nem\u00e1te-li tedy k p\u0159\u00edprav\u011b pokrm\u016f k dispozici zrovna ten nejvhodn\u011bj\u0161\u00ed prostor, jsme tady pro v\u00e1s my, aby u v\u00e1s doma nastala ta prav\u00e1 zm\u011bna! Na zak\u00e1zku pouze dle va\u0161ich po\u017eadavk\u016f v\u00e1m zhotov\u00edme vynikaj\u00edc\u00ed kousky nov\u00e9 designov\u00e9 kuchyn\u011b, abyste byli maxim\u00e1ln\u011b spokojeni. Va\u0161e dom\u00e1cnost tak touto z\u00e1sadn\u00ed p\u0159em\u011bnou o\u017eije, a to v kter\u00fdkoli \u010das!  Podobu zm\u011bny si vol\u00edte sami P\u0159esto\u017ee my jsme t\u011bmi, kdo v\u00e1m nov\u00fd prostor do detailu zhotov\u00ed, vy jste naopak t\u00edm, kdo si ur\u010duje, jakou podobu ka\u017ed\u00fd tento detail bude m\u00edt. Va\u0161e z\u00e1liba nap\u0159\u00edklad v \u010dist\u00fdch, sv\u011btl\u00fdch barv\u00e1ch se m\u016f\u017ee projevit tak, \u017ee si svou budouc\u00ed kuchy\u0148 zvol\u00edte t\u0159eba jen v b\u00edl\u00e9m proveden\u00ed, je\u017e se bude p\u0159ibli\u017eovat typick\u00e9mu stylu ji\u017en\u00ed Francie a do va\u0161\u00ed dom\u00e1cnosti tak vnese sv\u011btlo, klid a p\u0159\u00edjemn\u00e9 pocity. Naopak jste-li p\u0159\u00edznivcem razantn\u011bj\u0161\u00edch zm\u011bn a v\u00fdrazn\u00e9ho modern\u00edho designu, ur\u010dit\u011b nic nezkaz\u00edte \u010derven\u00fdm, zelen\u00fdm \u010di nikdy neohran\u00fdm \u010dernob\u00edl\u00fdm vzhledem. Pro v\u0161echny varianty v\u0161ak plat\u00ed jedno \u2013 tato skv\u011bl\u00e1 zm\u011bna prostoru v\u00e1m bude b\u011bhem kr\u00e1jen\u00ed \u010di m\u00edch\u00e1n\u00ed jedin\u011b ku prosp\u011bchu, a v\u0161echny kroky va\u0159en\u00ed v\u00e1m p\u016fjdou snadno od ruky! P\u0159ipraven\u00e9 pokrmy tak dostanou n\u00e1dech toho, \u017ee byly v\u00e1mi p\u0159ipraven\u00e9 s je\u0161t\u011b v\u011bt\u0161\u00ed radost\u00ed.                                                                                                                                                                                                                                                                                                                                                                                        4.5\/5 - (2 votes)        "},{"@context":"https:\/\/schema.org\/","@type":"BreadcrumbList","itemListElement":[{"@type":"ListItem","position":1,"name":"Na zm\u011bnu kuchyn\u011b je v\u017edy spr\u00e1vn\u00fd \u010das","item":"https:\/\/www.kkhulin.cz\/na-zmenu-kuchyne-je-vzdy-spravny-cas\/#breadcrumbitem"}]}]