[{"@context":"https:\/\/schema.org\/","@type":"Article","@id":"https:\/\/www.kkhulin.cz\/opalovat-se-muzete-i-v-zime\/#Article","mainEntityOfPage":"https:\/\/www.kkhulin.cz\/opalovat-se-muzete-i-v-zime\/","headline":"Opalovat se m\u016f\u017eete i v zim\u011b","name":"Opalovat se m\u016f\u017eete i v zim\u011b","description":"Pat\u0159\u00edte i vy mezi lidi, kte\u0159\u00ed netrp\u011bliv\u011b o\u010dek\u00e1vaj\u00ed prvn\u00ed letn\u00ed paprsky u\u017e jenom z toho d\u016fvodu, aby se mohli vystavit na slun\u00ed\u010dku a opalovat dlouh\u00e9 hodiny? Je logick\u00e9, \u017ee v\u00e1s tmav\u0161\u00ed odst\u00edn poko\u017eky l\u00e1k\u00e1 a z\u00edskat ho nemus\u00edte pouze v <a class=\"more-link\" href=\"https:\/\/www.kkhulin.cz\/opalovat-se-muzete-i-v-zime\/\">P\u0159e\u010d\u00edst<\/a>","datePublished":"2019-09-08","dateModified":"2023-12-01","author":{"@type":"Person","@id":"https:\/\/www.kkhulin.cz\/author\/#Person","name":"","url":"https:\/\/www.kkhulin.cz\/author\/","identifier":1,"image":{"@type":"ImageObject","@id":"https:\/\/secure.gravatar.com\/avatar\/96681f32407e92907e886055c80be666fea9980585e3d74d58609948dcc5acbb?s=96&d=mm&r=g","url":"https:\/\/secure.gravatar.com\/avatar\/96681f32407e92907e886055c80be666fea9980585e3d74d58609948dcc5acbb?s=96&d=mm&r=g","height":96,"width":96}},"publisher":{"@type":"Organization","name":"kkhulin.cz","logo":{"@type":"ImageObject","@id":"\/logo.png","url":"\/logo.png","width":600,"height":60}},"image":{"@type":"ImageObject","@id":"https:\/\/www.kkhulin.cz\/wp-content\/uploads\/img_a360366_w3827_t1574137899.jpg","url":"https:\/\/www.kkhulin.cz\/wp-content\/uploads\/img_a360366_w3827_t1574137899.jpg","height":0,"width":0},"url":"https:\/\/www.kkhulin.cz\/opalovat-se-muzete-i-v-zime\/","about":["Zdrav\u00ed"],"wordCount":463,"articleBody":"                Pat\u0159\u00edte i vy mezi lidi, kte\u0159\u00ed netrp\u011bliv\u011b o\u010dek\u00e1vaj\u00ed prvn\u00ed letn\u00ed paprsky u\u017e jenom z toho d\u016fvodu, aby se mohli vystavit na slun\u00ed\u010dku a opalovat dlouh\u00e9 hodiny? Je logick\u00e9, \u017ee v\u00e1s tmav\u0161\u00ed odst\u00edn poko\u017eky l\u00e1k\u00e1 a z\u00edskat ho nemus\u00edte pouze v l\u00e9t\u011b na va\u0161\u00ed dovolen\u00e9, kterou str\u00e1v\u00edte u mo\u0159e. M\u00edt kr\u00e1sn\u011b op\u00e1lenou poko\u017eku m\u016f\u017eete i v zim\u011b a dop\u0159\u00e1t si tak odst\u00edn, kter\u00fd v\u00e1m p\u0159inese kr\u00e1sn\u011bj\u0161\u00ed vzhled i v obdob\u00ed, kter\u00e9 je na opalov\u00e1n\u00ed netypick\u00e9. V\u00fdhody opalov\u00e1n\u00ed v sol\u00e1riu Tak jako drtiv\u00e1 v\u011bt\u0161ina lid\u00ed, tak i vy jste mo\u017en\u00e1 u\u017e za\u017eili ten pocit, kdy\u017e jste se p\u0159i prvn\u00ed snaze o z\u00edsk\u00e1n\u00ed hn\u011bd\u0161\u00edho odst\u00ednu sp\u00e1lili a n\u011bkolik dn\u00ed nemohli na slun\u00ed\u010dko. O to hor\u0161\u00ed byla mo\u017en\u00e1 i rekonvalescence a boj s pop\u00e1lenou k\u016f\u017ei, kter\u00e1 vypadala rud\u011b i z d\u00e1lky. Tyto etap\u011b se v\u0161ak m\u016f\u017eete zcela vyhnout, pokud zam\u00ed\u0159\u00edte do sol\u00e1ria Brno, kde doc\u00edl\u00edte op\u00e1len\u00ed bez bolest\u00ed a rovnom\u011brn\u011b. I d\u00edky sol\u00e1riu se v\u00e1m nestane, \u017ee budete m\u00edt na t\u011ble nevzhledn\u00e1 b\u00edl\u00e1 m\u00edsta od plavek (nebo t\u0159eba od ram\u00ednek z va\u0161\u00ed podprsenky) a jin\u00fdch \u010d\u00e1st\u00ed, kter\u00e9 chcete zakr\u00fdt. Opalov\u00e1n\u00ed v sol\u00e1rn\u00edm studiu m\u00e1 takt\u00e9\u017e velkou v\u00fdhodu v tom, \u017ee v\u00e1m u\u0161et\u0159\u00ed spoustu voln\u00e9ho \u010dasu. U\u017e nebudete muset tr\u00e1vit n\u011bkolik dlouh\u00fdch hodin na slunci, proto\u017ee v\u00e1m bude sta\u010dit n\u011bkolik p\u00e1r minut k tomu, aby byla va\u0161e poko\u017eka o odst\u00edn tmav\u0161\u00ed. Vyhled\u00e1van\u00e1 procedura, kter\u00e1 m\u00e1 velkou oblibu N\u00e1v\u0161t\u011bva v sol\u00e1riu pat\u0159\u00ed mezi popul\u00e1rn\u00ed procedury, kter\u00fdm se nevyh\u00fdbaj\u00ed jak mu\u017ei, tak i \u017eeny. M\u016f\u017eou ji podstoupit osoby r\u016fzn\u00e9 v\u011bkov\u00e9 kategorie a rovn\u011b\u017e si m\u016f\u017eete vybrat i p\u0159\u00edstroj, ve kter\u00e9m by v\u00e1m bylo opalov\u00e1n\u00ed nejpohodln\u011bj\u0161\u00ed. V nab\u00eddce nalezete 7 horizont\u00e1ln\u00edch, 1 vertik\u00e1ln\u00ed, ale i kolagenov\u00e9 sol\u00e1rium, kter\u00e9 je v dne\u0161n\u00ed dob\u011b nesm\u00edrn\u011b obl\u00edben\u00e9. \u27a2 Zvolit si sami m\u016f\u017eete i intenzitu va\u0161eho op\u00e1len\u00ed \u2013 slabou, st\u0159edn\u00ed nebo tu silnou. Nav\u0161tivte i vy na\u0161e studio a nebudete muset \u0159e\u0161it v l\u00e9t\u011b probl\u00e9my, kter\u00e9 se v\u00e1m jindy nevyh\u00fdbaly. P\u0159iprav\u00edte tak poko\u017eku na styk se slune\u010dn\u00edmi paprsky a i d\u00edky tomu se v\u00e1m nestane, \u017ee se v letn\u00edm obdob\u00ed je\u0161t\u011b n\u011bkdy sp\u00e1l\u00edte.                                                                                                                                                                                                                                                                                                                                                                                          4.3\/5 - (3 votes)        "},{"@context":"https:\/\/schema.org\/","@type":"BreadcrumbList","itemListElement":[{"@type":"ListItem","position":1,"name":"Opalovat se m\u016f\u017eete i v zim\u011b","item":"https:\/\/www.kkhulin.cz\/opalovat-se-muzete-i-v-zime\/#breadcrumbitem"}]}]