[{"@context":"https:\/\/schema.org\/","@type":"Article","@id":"https:\/\/www.kkhulin.cz\/pronajem-vozu-vyhodne-i-na-delsi-dobu\/#Article","mainEntityOfPage":"https:\/\/www.kkhulin.cz\/pronajem-vozu-vyhodne-i-na-delsi-dobu\/","headline":"Pron\u00e1jem vozu v\u00fdhodn\u011b i na del\u0161\u00ed dobu","name":"Pron\u00e1jem vozu v\u00fdhodn\u011b i na del\u0161\u00ed dobu","description":"Jen m\u00e1lokdo z n\u00e1s se v dne\u0161n\u00ed dob\u011b obejde bez vlastn\u00edho dopravn\u00edho prost\u0159edku. Doba je nesm\u00edrn\u011b rychl\u00e1 a je mnohdy zapot\u0159eb\u00ed se p\u0159em\u00edstit z bodu A do bodu B rychleji, ne\u017eli by to zvl\u00e1dla ve\u0159ejn\u00e1 doprava. Co si ale po\u010d\u00edt, <a class=\"more-link\" href=\"https:\/\/www.kkhulin.cz\/pronajem-vozu-vyhodne-i-na-delsi-dobu\/\">P\u0159e\u010d\u00edst<\/a>","datePublished":"2019-08-10","dateModified":"2023-04-27","author":{"@type":"Person","@id":"https:\/\/www.kkhulin.cz\/author\/#Person","name":"","url":"https:\/\/www.kkhulin.cz\/author\/","identifier":1,"image":{"@type":"ImageObject","@id":"https:\/\/secure.gravatar.com\/avatar\/96681f32407e92907e886055c80be666fea9980585e3d74d58609948dcc5acbb?s=96&d=mm&r=g","url":"https:\/\/secure.gravatar.com\/avatar\/96681f32407e92907e886055c80be666fea9980585e3d74d58609948dcc5acbb?s=96&d=mm&r=g","height":96,"width":96}},"publisher":{"@type":"Organization","name":"kkhulin.cz","logo":{"@type":"ImageObject","@id":"\/logo.png","url":"\/logo.png","width":600,"height":60}},"image":{"@type":"ImageObject","@id":"https:\/\/www.kkhulin.cz\/wp-content\/uploads\/img_a357144_w3827_t1571762689.jpg","url":"https:\/\/www.kkhulin.cz\/wp-content\/uploads\/img_a357144_w3827_t1571762689.jpg","height":0,"width":0},"url":"https:\/\/www.kkhulin.cz\/pronajem-vozu-vyhodne-i-na-delsi-dobu\/","about":["Firmy"],"wordCount":409,"articleBody":"            Jen m\u00e1lokdo z n\u00e1s se v dne\u0161n\u00ed dob\u011b obejde bez vlastn\u00edho dopravn\u00edho prost\u0159edku. Doba je nesm\u00edrn\u011b rychl\u00e1 a je mnohdy zapot\u0159eb\u00ed se p\u0159em\u00edstit z bodu A do bodu B rychleji, ne\u017eli by to zvl\u00e1dla ve\u0159ejn\u00e1 doprava.  Co si ale po\u010d\u00edt, kdy\u017e se pr\u00e1v\u011b ten n\u00e1\u0161 automobil rozhodn\u011b st\u00e1vkovat?  Rozhodn\u011b nen\u00ed zapot\u0159eb\u00ed zoufat si. A ani nemus\u00edte ob\u00edhat p\u0159\u00edbuzn\u00e9 nebo zn\u00e1m\u00e9 a prosit o kl\u00ed\u010dky od jejich auta. Nikdo nen\u00ed nad\u0161en, pokud m\u00e1 p\u016fj\u010dit sv\u016fj automobil. Krom\u011b toho mus\u00ed b\u00fdt pak \u010dlov\u011bk zav\u00e1z\u00e1n na dlouhou dobu, a to tak\u00e9 nen\u00ed v mnoha p\u0159\u00edpadech dobr\u00e9. Ide\u00e1ln\u00edm \u0159e\u0161en\u00edm v t\u011bchto krizov\u00fdch situac\u00edch je vyu\u017e\u00edt profesion\u00e1ln\u00ed p\u016fj\u010dovnu http:\/\/www.autopujcovna-urban.cz\/. M\u016f\u017eete si vybrat mezi vozy \u0160koda Felicia, \u0160koda Fabia kombi nebo \u0160koda Octavia. Pron\u00e1jem m\u016f\u017ee b\u00fdt bu\u010f kr\u00e1tkodob\u00fd nebo dlouhodob\u00fd. Velkou v\u00fdhodou zap\u016fj\u010den\u00ed si automobilu u profesion\u00e1l\u016f je i to, \u017ee m\u00e1te jistotu, \u017ee je v\u016fz v po\u0159\u00e1dku. Ve\u0161ker\u00e9 p\u016fj\u010dovan\u00e9 automobily toti\u017e proch\u00e1zej\u00ed pravideln\u00fdm servisem. Bez obav m\u016f\u017eete i na d\u00e1lnici bez toho, \u017ee byste se museli p\u0159ed t\u00edm sh\u00e1n\u011bt po d\u00e1lni\u010dn\u00ed zn\u00e1mce.  Mnoho zaj\u00edmav\u00fdch slu\u017eeb zdarma  Chcete vyrazit v zim\u011b s rodinou na hory? Pak v klidu pl\u00e1nujte a nezab\u00fdvejte se t\u00edm, jestli bude m\u00edt zap\u016fj\u010den\u00fd v\u016fz zimn\u00ed pneumatiky. To je toti\u017e samoz\u0159ejm\u00e9. Stejn\u011b jako poji\u0161t\u011bn\u00ed proti kr\u00e1de\u017ei nebo nehod\u011b.  N\u011bkdy m\u016f\u017ee nastat opa\u010dn\u00e1 situace. Co\u017e znamen\u00e1, \u017ee se pot\u0159ebujete dostat na ur\u010den\u00e9 m\u00edsto a nem\u00e1te \u0159idi\u010de.  Ani to nen\u00ed probl\u00e9m. Prost\u011b si pronajmete automobil i s n\u00edm. S automobilem si m\u016f\u017eete zap\u016fj\u010dit nejen \u0159idi\u010de, ale tak\u00e9 d\u011btskou autoseda\u010dku \u2013 pro v\u011bt\u0161\u00ed d\u011bti podsed\u00e1k. Probl\u00e9m nen\u00ed ani pron\u00e1jem navigace. Ta je pochopiteln\u011b zdarma.  JEDNO P\u0158EKVAPEN\u00cd NA Z\u00c1V\u011aR\u2013 pl\u00e1nujete dovolenou a nev\u00edte, jestli na dev\u011bt nebo deset dn\u016f? Rozhodn\u011b si ji o den prodlu\u017ete. Pokud si pronajmete v\u016fz na deset dn\u016f, pak m\u00e1te ten jeden\u00e1ct\u00fd zcela zadarmo.                                                                                                                                                                                                                                                                                                                                                                                            4.5\/5 - (2 votes)        "},{"@context":"https:\/\/schema.org\/","@type":"BreadcrumbList","itemListElement":[{"@type":"ListItem","position":1,"name":"Pron\u00e1jem vozu v\u00fdhodn\u011b i na del\u0161\u00ed dobu","item":"https:\/\/www.kkhulin.cz\/pronajem-vozu-vyhodne-i-na-delsi-dobu\/#breadcrumbitem"}]}]